{"id":2126,"date":"2016-01-16T01:09:25","date_gmt":"2016-01-16T00:09:25","guid":{"rendered":"http:\/\/www.durch-die-linse.at\/suedamerika-blog\/?p=2126"},"modified":"2016-01-20T18:59:43","modified_gmt":"2016-01-20T17:59:43","slug":"15-jenero-uruguay-colonia-montevideo","status":"publish","type":"post","link":"http:\/\/www.durch-die-linse.at\/suedamerika-blog\/2016\/01\/16\/15-jenero-uruguay-colonia-montevideo\/","title":{"rendered":"15. Enero &#8211; URUGUAY-Colonia-Montevideo"},"content":{"rendered":"<p>Wir haben Buenos Aires und somit Argentinien verlassen&#8230;<\/p>\n<p><a href=\"http:\/\/www.durch-die-linse.at\/suedamerika-blog\/wp-content\/uploads\/2016\/01\/DSC05974.jpg\"><img loading=\"lazy\" decoding=\"async\" class=\"alignnone size-medium wp-image-2113\" src=\"http:\/\/www.durch-die-linse.at\/suedamerika-blog\/wp-content\/uploads\/2016\/01\/DSC05974-301x177.jpg\" alt=\"DSC05974\" width=\"301\" height=\"177\" srcset=\"http:\/\/www.durch-die-linse.at\/suedamerika-blog\/wp-content\/uploads\/2016\/01\/DSC05974-301x177.jpg 301w, http:\/\/www.durch-die-linse.at\/suedamerika-blog\/wp-content\/uploads\/2016\/01\/DSC05974-150x88.jpg 150w, http:\/\/www.durch-die-linse.at\/suedamerika-blog\/wp-content\/uploads\/2016\/01\/DSC05974-1024x603.jpg 1024w\" sizes=\"auto, (max-width: 301px) 100vw, 301px\" \/><\/a> <a href=\"http:\/\/www.durch-die-linse.at\/suedamerika-blog\/wp-content\/uploads\/2016\/01\/DSC05976.jpg\"><img loading=\"lazy\" decoding=\"async\" class=\"alignnone  wp-image-2114\" src=\"http:\/\/www.durch-die-linse.at\/suedamerika-blog\/wp-content\/uploads\/2016\/01\/DSC05976-301x201.jpg\" alt=\"DSC05976\" width=\"262\" height=\"175\" srcset=\"http:\/\/www.durch-die-linse.at\/suedamerika-blog\/wp-content\/uploads\/2016\/01\/DSC05976-301x201.jpg 301w, http:\/\/www.durch-die-linse.at\/suedamerika-blog\/wp-content\/uploads\/2016\/01\/DSC05976-150x100.jpg 150w, http:\/\/www.durch-die-linse.at\/suedamerika-blog\/wp-content\/uploads\/2016\/01\/DSC05976-1024x683.jpg 1024w\" sizes=\"auto, (max-width: 262px) 100vw, 262px\" \/><\/a><\/p>\n<p>&#8230; mit der F\u00e4hre setzen wir \u00fcber nach Uruguay und landeten in Colonia del Sacramento. Sie ist Hauptstadt des Departamentos Colonia und ist die \u00e4lteste Stadt Uruguays, ihre Altstadt wurde von der UNESCO zum Weltkulturerbe erkl\u00e4rt. 1680 von den Portugiesen gegr\u00fcndet, sp\u00e4ter von den Spaniern erobert.<\/p>\n<p><a href=\"http:\/\/www.durch-die-linse.at\/suedamerika-blog\/wp-content\/uploads\/2016\/01\/DSC06000.jpg\"><img loading=\"lazy\" decoding=\"async\" class=\"alignnone  wp-image-2117\" src=\"http:\/\/www.durch-die-linse.at\/suedamerika-blog\/wp-content\/uploads\/2016\/01\/DSC06000-301x201.jpg\" alt=\"DSC06000\" width=\"276\" height=\"184\" srcset=\"http:\/\/www.durch-die-linse.at\/suedamerika-blog\/wp-content\/uploads\/2016\/01\/DSC06000-301x201.jpg 301w, http:\/\/www.durch-die-linse.at\/suedamerika-blog\/wp-content\/uploads\/2016\/01\/DSC06000-150x100.jpg 150w, http:\/\/www.durch-die-linse.at\/suedamerika-blog\/wp-content\/uploads\/2016\/01\/DSC06000-1024x683.jpg 1024w\" sizes=\"auto, (max-width: 276px) 100vw, 276px\" \/><\/a> <a href=\"http:\/\/www.durch-die-linse.at\/suedamerika-blog\/wp-content\/uploads\/2016\/01\/DSC06006.jpg\"><img loading=\"lazy\" decoding=\"async\" class=\"alignnone  wp-image-2118\" src=\"http:\/\/www.durch-die-linse.at\/suedamerika-blog\/wp-content\/uploads\/2016\/01\/DSC06006-301x201.jpg\" alt=\"DSC06006\" width=\"278\" height=\"185\" srcset=\"http:\/\/www.durch-die-linse.at\/suedamerika-blog\/wp-content\/uploads\/2016\/01\/DSC06006-301x201.jpg 301w, http:\/\/www.durch-die-linse.at\/suedamerika-blog\/wp-content\/uploads\/2016\/01\/DSC06006-150x100.jpg 150w, http:\/\/www.durch-die-linse.at\/suedamerika-blog\/wp-content\/uploads\/2016\/01\/DSC06006-1024x685.jpg 1024w\" sizes=\"auto, (max-width: 278px) 100vw, 278px\" \/><\/a><\/p>\n<p>Colonia, am Rio del la Plata &#8211; der verfolgt uns schon seit Buenos Aires und der Bootsfahrt am Tigre Delta, er wirkt ja etwas schmutzig um nicht zu sagen v\u00f6llig verdreckt, aber das ist er nicht, das Wasser hat eine Top-Qualit\u00e4t, der schlammige Untergrund macht leider die braune Farbe\u2026 aber wir waren baden und es war herrlich!!!<\/p>\n<p><a href=\"http:\/\/www.durch-die-linse.at\/suedamerika-blog\/wp-content\/uploads\/2016\/01\/DSC06028.jpg\"><img loading=\"lazy\" decoding=\"async\" class=\"alignnone size-medium wp-image-2121\" src=\"http:\/\/www.durch-die-linse.at\/suedamerika-blog\/wp-content\/uploads\/2016\/01\/DSC06028-301x201.jpg\" alt=\"DSC06028\" width=\"301\" height=\"201\" srcset=\"http:\/\/www.durch-die-linse.at\/suedamerika-blog\/wp-content\/uploads\/2016\/01\/DSC06028-301x201.jpg 301w, http:\/\/www.durch-die-linse.at\/suedamerika-blog\/wp-content\/uploads\/2016\/01\/DSC06028-150x100.jpg 150w, http:\/\/www.durch-die-linse.at\/suedamerika-blog\/wp-content\/uploads\/2016\/01\/DSC06028-1024x683.jpg 1024w\" sizes=\"auto, (max-width: 301px) 100vw, 301px\" \/> <\/a><a href=\"http:\/\/www.durch-die-linse.at\/suedamerika-blog\/wp-content\/uploads\/2016\/01\/IMG_5033.jpg\"><img loading=\"lazy\" decoding=\"async\" class=\"alignnone size-medium wp-image-2139\" src=\"http:\/\/www.durch-die-linse.at\/suedamerika-blog\/wp-content\/uploads\/2016\/01\/IMG_5033-225x300.jpg\" alt=\"IMG_5033\" width=\"225\" height=\"300\" srcset=\"http:\/\/www.durch-die-linse.at\/suedamerika-blog\/wp-content\/uploads\/2016\/01\/IMG_5033-225x300.jpg 225w, http:\/\/www.durch-die-linse.at\/suedamerika-blog\/wp-content\/uploads\/2016\/01\/IMG_5033-113x150.jpg 113w, http:\/\/www.durch-die-linse.at\/suedamerika-blog\/wp-content\/uploads\/2016\/01\/IMG_5033-768x1024.jpg 768w\" sizes=\"auto, (max-width: 225px) 100vw, 225px\" \/><\/a><\/p>\n<p>Ja, Colonia, man hat das Gef\u00fchl auf einer Insel zu sein, es war ganz eigenartig besonders hier, diese kleine Stadt ist definitiv eine Reise wert. Kopfsteinpflaster, viele B\u00e4ume, bunte und so nette Cafes und Restaurants. Super hei\u00df, an die 40 Grad\u2026 abk\u00fchlen im Rio, die Qual der Wahl wo man am nettesten einen guten Kaffee trinkt \u2013 so l\u00e4sst es sich aushalten!<\/p>\n<p><a href=\"http:\/\/www.durch-die-linse.at\/suedamerika-blog\/wp-content\/uploads\/2016\/01\/DSC05991.jpg\"><img loading=\"lazy\" decoding=\"async\" class=\"alignnone  wp-image-2116\" src=\"http:\/\/www.durch-die-linse.at\/suedamerika-blog\/wp-content\/uploads\/2016\/01\/DSC05991-301x201.jpg\" alt=\"DSC05991\" width=\"261\" height=\"174\" srcset=\"http:\/\/www.durch-die-linse.at\/suedamerika-blog\/wp-content\/uploads\/2016\/01\/DSC05991-301x201.jpg 301w, http:\/\/www.durch-die-linse.at\/suedamerika-blog\/wp-content\/uploads\/2016\/01\/DSC05991-150x100.jpg 150w, http:\/\/www.durch-die-linse.at\/suedamerika-blog\/wp-content\/uploads\/2016\/01\/DSC05991-1024x683.jpg 1024w\" sizes=\"auto, (max-width: 261px) 100vw, 261px\" \/><\/a> <a href=\"http:\/\/www.durch-die-linse.at\/suedamerika-blog\/wp-content\/uploads\/2016\/01\/DSC06021.jpg\"><img loading=\"lazy\" decoding=\"async\" class=\"alignnone  wp-image-2115\" src=\"http:\/\/www.durch-die-linse.at\/suedamerika-blog\/wp-content\/uploads\/2016\/01\/DSC06021-301x201.jpg\" alt=\"DSC06021\" width=\"260\" height=\"174\" srcset=\"http:\/\/www.durch-die-linse.at\/suedamerika-blog\/wp-content\/uploads\/2016\/01\/DSC06021-301x201.jpg 301w, http:\/\/www.durch-die-linse.at\/suedamerika-blog\/wp-content\/uploads\/2016\/01\/DSC06021-150x100.jpg 150w, http:\/\/www.durch-die-linse.at\/suedamerika-blog\/wp-content\/uploads\/2016\/01\/DSC06021-1024x683.jpg 1024w\" sizes=\"auto, (max-width: 260px) 100vw, 260px\" \/><\/a><\/p>\n<p>Hier hatten wir unsere letzte \u00dcbernachtung in einem Mehrbettzimmer (yesss :-)), 2 Stockbetten, kleiner Raum, Air Condition und schlechte Luft, unterschiedliche Zubettgeh- und Aufstehzeiten \u2013 in Summe, naja ihr k\u00f6nnt es euch denken ;-)!<\/p>\n<p>Seit wir unsere R\u00e4der als Packeseln nicht mehr bei uns haben, schleppen wir riesige Taschen durch die Gegend (wo alle unsere Radpacktaschen und nat\u00fcrlich alles an Gep\u00e4ck Platz hat), knapp 25 kg \u2013 so beenden wir unsere Reise und lassen uns die restl. 2 Wochen gediegen mit dem Taxi ins Hostal fahren und abholen, man g\u00f6nnt sich ja sonst nichts ;-), aber die Taschen sind so unbequem und schwer, unm\u00f6glich zu tragen!!!<\/p>\n<p>Nach 2 N\u00e4chten im sch\u00f6nen Colonia sind wir nun schon in Montevideo, der Hauptstadt Uruguays! Eine sch\u00f6ne Stadt die touristisch voll im Aufstreben ist, sie z\u00e4hlt zu den zehn sichersten St\u00e4dten Lateinamerikas und ist zudem nach einer Studie die s\u00fcdamerikanische Stadt mit der h\u00f6chsten Lebensqualit\u00e4t!<br \/>\nDemzufolge wohnen wir mit einem Superschn\u00e4ppchen als \u201eDauer-Booking.com-Kunden\u201c in einem sch\u00f6nen Hotel mit Fr\u00fchst\u00fccksbuffet :-)!!<\/p>\n<p><a href=\"http:\/\/www.durch-die-linse.at\/suedamerika-blog\/wp-content\/uploads\/2016\/01\/DSC06031.jpg\"><img loading=\"lazy\" decoding=\"async\" class=\"alignnone  wp-image-2135\" src=\"http:\/\/www.durch-die-linse.at\/suedamerika-blog\/wp-content\/uploads\/2016\/01\/DSC06031-301x201.jpg\" alt=\"DSC06031\" width=\"255\" height=\"170\" srcset=\"http:\/\/www.durch-die-linse.at\/suedamerika-blog\/wp-content\/uploads\/2016\/01\/DSC06031-301x201.jpg 301w, http:\/\/www.durch-die-linse.at\/suedamerika-blog\/wp-content\/uploads\/2016\/01\/DSC06031-150x100.jpg 150w, http:\/\/www.durch-die-linse.at\/suedamerika-blog\/wp-content\/uploads\/2016\/01\/DSC06031-1024x683.jpg 1024w\" sizes=\"auto, (max-width: 255px) 100vw, 255px\" \/><\/a> <a href=\"http:\/\/www.durch-die-linse.at\/suedamerika-blog\/wp-content\/uploads\/2016\/01\/DSC06032.jpg\"><img loading=\"lazy\" decoding=\"async\" class=\"alignnone  wp-image-2136\" src=\"http:\/\/www.durch-die-linse.at\/suedamerika-blog\/wp-content\/uploads\/2016\/01\/DSC06032-301x201.jpg\" alt=\"DSC06032\" width=\"255\" height=\"170\" srcset=\"http:\/\/www.durch-die-linse.at\/suedamerika-blog\/wp-content\/uploads\/2016\/01\/DSC06032-301x201.jpg 301w, http:\/\/www.durch-die-linse.at\/suedamerika-blog\/wp-content\/uploads\/2016\/01\/DSC06032-150x100.jpg 150w, http:\/\/www.durch-die-linse.at\/suedamerika-blog\/wp-content\/uploads\/2016\/01\/DSC06032-1024x683.jpg 1024w\" sizes=\"auto, (max-width: 255px) 100vw, 255px\" \/><br \/>\n<\/a><span style=\"font-size: 10pt;\">So im Vergleich \ud83d\ude09\u00a0 Colonia: Hostal (18 \u20ac) \u00a0\u00a0\u00a0\u00a0\u00a0\u00a0\u00a0 Montevideo: Hotel (16,50 \u20ac !!!!!!!)<br \/>\n<\/span><\/p>\n<p>Wir streifen durch die Stadt und genie\u00dfen Flair, Gastronomie, die Altstadt und die Shoppingmeile.<br \/>\nSeit Colonia, und jetzt auch hier, sind wir \u00fcberrascht dass uns immer wieder Hanf-Geruch in die Nase steigt und das an allen m\u00f6glichen \u00f6ffentlichen Pl\u00e4tzen. Also sehr geheim wird das hier nicht praktiziert\u2026<\/p>\n<p><a href=\"http:\/\/www.durch-die-linse.at\/suedamerika-blog\/wp-content\/uploads\/2016\/01\/DSC06067.jpg\"><img loading=\"lazy\" decoding=\"async\" class=\"alignnone  wp-image-2141\" src=\"http:\/\/www.durch-die-linse.at\/suedamerika-blog\/wp-content\/uploads\/2016\/01\/DSC06067-301x201.jpg\" alt=\"DSC06067\" width=\"209\" height=\"140\" srcset=\"http:\/\/www.durch-die-linse.at\/suedamerika-blog\/wp-content\/uploads\/2016\/01\/DSC06067-301x201.jpg 301w, http:\/\/www.durch-die-linse.at\/suedamerika-blog\/wp-content\/uploads\/2016\/01\/DSC06067-150x100.jpg 150w, http:\/\/www.durch-die-linse.at\/suedamerika-blog\/wp-content\/uploads\/2016\/01\/DSC06067-1024x683.jpg 1024w\" sizes=\"auto, (max-width: 209px) 100vw, 209px\" \/> <\/a><a href=\"http:\/\/www.durch-die-linse.at\/suedamerika-blog\/wp-content\/uploads\/2016\/01\/DSC06077.jpg\"><img loading=\"lazy\" decoding=\"async\" class=\"alignnone  wp-image-2147\" src=\"http:\/\/www.durch-die-linse.at\/suedamerika-blog\/wp-content\/uploads\/2016\/01\/DSC06077-301x201.jpg\" alt=\"DSC06077\" width=\"210\" height=\"141\" srcset=\"http:\/\/www.durch-die-linse.at\/suedamerika-blog\/wp-content\/uploads\/2016\/01\/DSC06077-301x201.jpg 301w, http:\/\/www.durch-die-linse.at\/suedamerika-blog\/wp-content\/uploads\/2016\/01\/DSC06077-150x100.jpg 150w, http:\/\/www.durch-die-linse.at\/suedamerika-blog\/wp-content\/uploads\/2016\/01\/DSC06077-1024x683.jpg 1024w\" sizes=\"auto, (max-width: 210px) 100vw, 210px\" \/><\/a> <a href=\"http:\/\/www.durch-die-linse.at\/suedamerika-blog\/wp-content\/uploads\/2016\/01\/DSC06072.jpg\"><img loading=\"lazy\" decoding=\"async\" class=\"alignnone  wp-image-2148\" src=\"http:\/\/www.durch-die-linse.at\/suedamerika-blog\/wp-content\/uploads\/2016\/01\/DSC06072-301x201.jpg\" alt=\"DSC06072\" width=\"210\" height=\"140\" srcset=\"http:\/\/www.durch-die-linse.at\/suedamerika-blog\/wp-content\/uploads\/2016\/01\/DSC06072-301x201.jpg 301w, http:\/\/www.durch-die-linse.at\/suedamerika-blog\/wp-content\/uploads\/2016\/01\/DSC06072-150x100.jpg 150w, http:\/\/www.durch-die-linse.at\/suedamerika-blog\/wp-content\/uploads\/2016\/01\/DSC06072-1024x683.jpg 1024w\" sizes=\"auto, (max-width: 210px) 100vw, 210px\" \/><\/a><a href=\"http:\/\/www.durch-die-linse.at\/suedamerika-blog\/wp-content\/uploads\/2016\/01\/DSC06067.jpg\"><br \/>\n<\/a><span style=\"font-size: 10pt;\">das 2.-gr\u00f6\u00dfteTheater S\u00fcdamerikas\u00a0\u00a0\u00a0\u00a0\u00a0 an der La Rambla<br \/>\n<\/span><\/p>\n<p>Fehlen darf im uruguaynischen Bild nat\u00fcrlich nicht, die mate-tee-trinkende Bev\u00f6lkerung, an jeder Ecke stehen sie, mit der Thermoskanne f\u00fcr das warme Wasser in der einen und den Mate-Tee-Becher in der anderen Hand, Volksdroge Kr\u00e4utertee!! Er wirkt stimulierend (\u00e4hnlich wie Kaffee nur langanhaltender, leistungsf\u00f6rdernd und stillt den Hunger (daher geeignet f\u00fcr Di\u00e4ten)! Mate hat eine lange und interessante Tradition vor allem in Uruguay, Paraguay, Argentinien und Brasilien, aber auch Bolivien und Teile Chiles.<\/p>\n<p><a href=\"http:\/\/www.durch-die-linse.at\/suedamerika-blog\/wp-content\/uploads\/2016\/01\/DSC06055.jpg\"><img loading=\"lazy\" decoding=\"async\" class=\"alignnone  wp-image-2125\" src=\"http:\/\/www.durch-die-linse.at\/suedamerika-blog\/wp-content\/uploads\/2016\/01\/DSC06055-301x274.jpg\" alt=\"DSC06055\" width=\"255\" height=\"232\" srcset=\"http:\/\/www.durch-die-linse.at\/suedamerika-blog\/wp-content\/uploads\/2016\/01\/DSC06055-301x274.jpg 301w, http:\/\/www.durch-die-linse.at\/suedamerika-blog\/wp-content\/uploads\/2016\/01\/DSC06055-150x137.jpg 150w, http:\/\/www.durch-die-linse.at\/suedamerika-blog\/wp-content\/uploads\/2016\/01\/DSC06055-1024x933.jpg 1024w\" sizes=\"auto, (max-width: 255px) 100vw, 255px\" \/>\u00a0 <\/a><a href=\"http:\/\/www.durch-die-linse.at\/suedamerika-blog\/wp-content\/uploads\/2016\/01\/DSC06092.jpg\"><img loading=\"lazy\" decoding=\"async\" class=\"alignnone  wp-image-2144\" src=\"http:\/\/www.durch-die-linse.at\/suedamerika-blog\/wp-content\/uploads\/2016\/01\/DSC06092-223x300.jpg\" alt=\"DSC06092\" width=\"172\" height=\"232\" srcset=\"http:\/\/www.durch-die-linse.at\/suedamerika-blog\/wp-content\/uploads\/2016\/01\/DSC06092-223x300.jpg 223w, http:\/\/www.durch-die-linse.at\/suedamerika-blog\/wp-content\/uploads\/2016\/01\/DSC06092-112x150.jpg 112w, http:\/\/www.durch-die-linse.at\/suedamerika-blog\/wp-content\/uploads\/2016\/01\/DSC06092-762x1024.jpg 762w\" sizes=\"auto, (max-width: 172px) 100vw, 172px\" \/><\/a><\/p>\n<p>Da wir noch 4 Tage in Montevideo sein werden, melden wir uns sicher nochmal von hier. Morgen werden die Str\u00e4nde erkundet&#8230;<\/p>\n<p>PS: mehr Fotos unter &#8222;Uruguay&#8220; \ud83d\ude42<\/p>\n","protected":false},"excerpt":{"rendered":"<p>Wir haben Buenos Aires und somit Argentinien verlassen&#8230; &#8230; mit der F\u00e4hre setzen wir \u00fcber nach Uruguay und landeten in Colonia del Sacramento. Sie ist Hauptstadt des Departamentos Colonia und ist die \u00e4lteste Stadt Uruguays, ihre Altstadt wurde von der UNESCO zum Weltkulturerbe erkl\u00e4rt. 1680 von den Portugiesen gegr\u00fcndet, sp\u00e4ter von den Spaniern erobert. Colonia,<span class=\"excerpt-ellipsis\">&#8230;<\/span><\/p>\n<p><a class=\"more-link\" href=\"http:\/\/www.durch-die-linse.at\/suedamerika-blog\/2016\/01\/16\/15-jenero-uruguay-colonia-montevideo\/\" itemprop=\"url\">Read More<\/a><\/p>\n","protected":false},"author":2,"featured_media":0,"comment_status":"open","ping_status":"open","sticky":false,"template":"","format":"standard","meta":{"ngg_post_thumbnail":0,"footnotes":""},"categories":[1],"tags":[],"class_list":["post-2126","post","type-post","status-publish","format-standard","hentry","category-blog"],"_links":{"self":[{"href":"http:\/\/www.durch-die-linse.at\/suedamerika-blog\/wp-json\/wp\/v2\/posts\/2126","targetHints":{"allow":["GET"]}}],"collection":[{"href":"http:\/\/www.durch-die-linse.at\/suedamerika-blog\/wp-json\/wp\/v2\/posts"}],"about":[{"href":"http:\/\/www.durch-die-linse.at\/suedamerika-blog\/wp-json\/wp\/v2\/types\/post"}],"author":[{"embeddable":true,"href":"http:\/\/www.durch-die-linse.at\/suedamerika-blog\/wp-json\/wp\/v2\/users\/2"}],"replies":[{"embeddable":true,"href":"http:\/\/www.durch-die-linse.at\/suedamerika-blog\/wp-json\/wp\/v2\/comments?post=2126"}],"version-history":[{"count":21,"href":"http:\/\/www.durch-die-linse.at\/suedamerika-blog\/wp-json\/wp\/v2\/posts\/2126\/revisions"}],"predecessor-version":[{"id":2186,"href":"http:\/\/www.durch-die-linse.at\/suedamerika-blog\/wp-json\/wp\/v2\/posts\/2126\/revisions\/2186"}],"wp:attachment":[{"href":"http:\/\/www.durch-die-linse.at\/suedamerika-blog\/wp-json\/wp\/v2\/media?parent=2126"}],"wp:term":[{"taxonomy":"category","embeddable":true,"href":"http:\/\/www.durch-die-linse.at\/suedamerika-blog\/wp-json\/wp\/v2\/categories?post=2126"},{"taxonomy":"post_tag","embeddable":true,"href":"http:\/\/www.durch-die-linse.at\/suedamerika-blog\/wp-json\/wp\/v2\/tags?post=2126"}],"curies":[{"name":"wp","href":"https:\/\/api.w.org\/{rel}","templated":true}]}}